{"id":91,"date":"2024-03-13T07:35:09","date_gmt":"2024-03-13T10:35:09","guid":{"rendered":"https:\/\/www.informacaocontabil.com.br\/blog\/?p=91"},"modified":"2024-03-13T07:35:11","modified_gmt":"2024-03-13T10:35:11","slug":"camara-aprova-projeto-que-viabiliza-isencao-do-ir-para-quem-ganha-ate-dois-salarios-minimos","status":"publish","type":"post","link":"https:\/\/www.informacaocontabil.com.br\/blog\/2024\/03\/13\/camara-aprova-projeto-que-viabiliza-isencao-do-ir-para-quem-ganha-ate-dois-salarios-minimos\/","title":{"rendered":"C\u00e2mara aprova projeto que viabiliza isen\u00e7\u00e3o do IR para quem ganha at\u00e9 dois sal\u00e1rios m\u00ednimos"},"content":{"rendered":"\n<p><em>Reajuste da tabela do Imposto de Renda vale desde fevereiro. Texto segue para o Senado<\/em><\/p>\n\n\n\n<p>A C\u00e2mara dos Deputados aprovou nesta ter\u00e7a-feira (12) projeto de lei que viabiliza a isen\u00e7\u00e3o do Imposto de Renda das Pessoas F\u00edsicas (IRPF) de valores at\u00e9 dois sal\u00e1rios m\u00ednimos (R$ 2.842,00). A medida consta do Projeto de Lei 81\/24, que ser\u00e1 enviado ao Senado.<\/p>\n\n\n\n<p>De autoria do l\u00edder do governo, deputado Jos\u00e9 Guimar\u00e3es (PT-CE), o projeto incorpora o texto da&nbsp;<a href=\"https:\/\/www.camara.leg.br\/noticias\/1035382-medida-provisoria-assegura-isencao-do-ir-para-ate-dois-salarios-minimos\">Medida Provis\u00f3ria 1206\/24<\/a>&nbsp;sobre o mesmo tema.<\/p>\n\n\n\n<p>O texto aprovado em Plen\u00e1rio \u00e9 um substitutivo do relator, deputado Emanuel Pinheiro Neto (MDB-MT), que exclui trecho n\u00e3o constante na MP sobre permiss\u00e3o dada ao Poder Executivo para atualizar por decreto a tabela progressiva mensal do IRPF a partir de 2025 a fim de manter a faixa com al\u00edquota zero igual a dois sal\u00e1rios m\u00ednimos.<\/p>\n\n\n\n<p>O projeto segue assim a reda\u00e7\u00e3o igual \u00e0 constante da MP, que tem for\u00e7a de lei e j\u00e1 est\u00e1 em vigor, prevendo isen\u00e7\u00e3o para rendimentos de at\u00e9 R$ 2.259,20 ap\u00f3s a dedu\u00e7\u00e3o do desconto simplificado de R$ 564,80 do valor de dois sal\u00e1rios (R$ 2.824,00 menos R$ 564,80).<\/p>\n\n\n\n<p>Embora o objetivo seja a isen\u00e7\u00e3o para essa faixa de rendimentos, a corre\u00e7\u00e3o da primeira faixa tamb\u00e9m influencia os descontos no c\u00e1lculo do imposto nas demais faixas de rendimento em fun\u00e7\u00e3o da progressividade da tabela. \u201cTodo mundo que paga Imposto de Renda no Brasil ser\u00e1 beneficiado por essa medida\u201d, disse o deputado Alencar Santana (PT-SP), vice-l\u00edder do governo, que relatou as mudan\u00e7as do projeto no Plen\u00e1rio.<\/p>\n\n\n\n<p>O reajuste da tabela passou a valer pela MP a partir de fevereiro deste ano e tem impacto or\u00e7ament\u00e1rio calculado em R$ 3,03 bilh\u00f5es em 2024, de R$ 3,53 bilh\u00f5es em 2025 e de R$ 3,77 bilh\u00f5es em 2026.<\/p>\n\n\n\n<p><strong>Valor da isen\u00e7\u00e3o<\/strong><br>Parlamentares da oposi\u00e7\u00e3o criticaram o que classificaram como \u201cestelionato eleitoral\u201d da proposta, pois o presidente Luiz In\u00e1cio Lula da Silva prometeu isen\u00e7\u00e3o at\u00e9 R$ 5 mil durante a campanha para a Presid\u00eancia de 2022. O deputado Lindbergh Farias (PT-RJ) ressaltou, no entanto, que at\u00e9 o final do governo haver\u00e1 isen\u00e7\u00e3o de R$ 5 mil.<\/p>\n\n\n\n<p>Segundo o deputado Cabo Gilberto Silva (PL-PB), vice-l\u00edder da oposi\u00e7\u00e3o, o governo traz uma \u201cmedida p\u00edfia\u201d ao conceder a isen\u00e7\u00e3o abaixo da promessa eleitoral. Parlamentares da oposi\u00e7\u00e3o chegaram a apresentar uma sugest\u00e3o de mudan\u00e7a no projeto para ampliar a isen\u00e7\u00e3o, mas o texto foi mantido.<\/p>\n\n\n\n<p>J\u00e1 o deputado Bohn Gass (PT-RS) lembrou que, na campanha de 2018, o ex-presidente Jair Bolsonaro prometeu cinco sal\u00e1rios m\u00ednimos de isen\u00e7\u00e3o no Imposto de Renda (o equivalente a atuais R$ 7.060) e n\u00e3o cumpriu a promessa.<\/p>\n\n\n\n<p><strong><em>Fonte: Ag\u00eancia C\u00e2mara de Not\u00edcias<\/em><\/strong><\/p>\n","protected":false},"excerpt":{"rendered":"<p>Reajuste da tabela do Imposto de Renda vale desde fevereiro. Texto segue para o Senado A C\u00e2mara dos Deputados aprovou nesta ter\u00e7a-feira (12) projeto de &#8230;. <\/p>\n","protected":false},"author":1,"featured_media":92,"comment_status":"open","ping_status":"open","sticky":false,"template":"","format":"standard","meta":{"footnotes":""},"categories":[21,19],"tags":[22,20],"class_list":["post-91","post","type-post","status-publish","format-standard","has-post-thumbnail","hentry","category-imposto-de-renda","category-receita-federal","tag-dipf","tag-tabela-do-imposto-de-renda"],"_links":{"self":[{"href":"https:\/\/www.informacaocontabil.com.br\/blog\/wp-json\/wp\/v2\/posts\/91","targetHints":{"allow":["GET"]}}],"collection":[{"href":"https:\/\/www.informacaocontabil.com.br\/blog\/wp-json\/wp\/v2\/posts"}],"about":[{"href":"https:\/\/www.informacaocontabil.com.br\/blog\/wp-json\/wp\/v2\/types\/post"}],"author":[{"embeddable":true,"href":"https:\/\/www.informacaocontabil.com.br\/blog\/wp-json\/wp\/v2\/users\/1"}],"replies":[{"embeddable":true,"href":"https:\/\/www.informacaocontabil.com.br\/blog\/wp-json\/wp\/v2\/comments?post=91"}],"version-history":[{"count":1,"href":"https:\/\/www.informacaocontabil.com.br\/blog\/wp-json\/wp\/v2\/posts\/91\/revisions"}],"predecessor-version":[{"id":93,"href":"https:\/\/www.informacaocontabil.com.br\/blog\/wp-json\/wp\/v2\/posts\/91\/revisions\/93"}],"wp:featuredmedia":[{"embeddable":true,"href":"https:\/\/www.informacaocontabil.com.br\/blog\/wp-json\/wp\/v2\/media\/92"}],"wp:attachment":[{"href":"https:\/\/www.informacaocontabil.com.br\/blog\/wp-json\/wp\/v2\/media?parent=91"}],"wp:term":[{"taxonomy":"category","embeddable":true,"href":"https:\/\/www.informacaocontabil.com.br\/blog\/wp-json\/wp\/v2\/categories?post=91"},{"taxonomy":"post_tag","embeddable":true,"href":"https:\/\/www.informacaocontabil.com.br\/blog\/wp-json\/wp\/v2\/tags?post=91"}],"curies":[{"name":"wp","href":"https:\/\/api.w.org\/{rel}","templated":true}]}}