{"id":81,"date":"2024-02-19T11:58:03","date_gmt":"2024-02-19T14:58:03","guid":{"rendered":"https:\/\/www.informacaocontabil.com.br\/blog\/?p=81"},"modified":"2024-02-19T11:58:05","modified_gmt":"2024-02-19T14:58:05","slug":"empregadores-tem-ate-o-dia-29-para-enviarem-informe-de-rendimentos","status":"publish","type":"post","link":"https:\/\/www.informacaocontabil.com.br\/blog\/2024\/02\/19\/empregadores-tem-ate-o-dia-29-para-enviarem-informe-de-rendimentos\/","title":{"rendered":"Empregadores t\u00eam at\u00e9 o dia 29 para enviarem informe de rendimentos"},"content":{"rendered":"\n<p><em>Documento \u00e9 necess\u00e1rio para preenchimento do Imposto de Renda<\/em><a href=\"https:\/\/agenciabrasil.ebc.com.br\/economia\/noticia\/2024-02\/empregadores-tem-ate-o-dia-29-para-enviarem-informe-de-rendimentos#\"><\/a><\/p>\n\n\n\n<p>Por Luciano Nascimento \u2013 Rep\u00f3rter da Ag\u00eancia Brasil \u2013 S\u00e3o Lu\u00eds<\/p>\n\n\n\n<p>Os empregadores t\u00eam at\u00e9 o dia 29 de fevereiro para enviar aos funcion\u00e1rios o informe com os rendimentos referentes a 2023. O prazo tamb\u00e9m vale para bancos e corretoras de valores, que devem disponibilizar o documento referente aos rendimentos de aplica\u00e7\u00f5es financeiras aos seus clientes. A disponibiliza\u00e7\u00e3o dos informes de rendimentos \u00e9 obrigat\u00f3ria e pode ser feita pelo correio ou na forma digital, por e-mail, internet ou intranet.<img decoding=\"async\" src=\"https:\/\/agenciabrasil.ebc.com.br\/ebc.png?id=1581060&amp;o=node\"><img decoding=\"async\" src=\"https:\/\/agenciabrasil.ebc.com.br\/ebc.gif?id=1581060&amp;o=node\"><\/p>\n\n\n\n<p>Os informes s\u00e3o necess\u00e1rios para preencher a declara\u00e7\u00e3o de Imposto de Renda da Pessoa F\u00edsica 2024 (IRPF). Este ano, o per\u00edodo de entrega das declara\u00e7\u00f5es do Imposto de Renda, sem multa, vai de 15 de mar\u00e7o a 31 de maio.<\/p>\n\n\n\n<p>Entre as informa\u00e7\u00f5es contidas nos informes de rendimentos est\u00e3o o total dos rendimentos tribut\u00e1veis, a exemplo dos sal\u00e1rios; os descontos do Instituto Nacional do Seguro Social (INSS); os rendimentos tribut\u00e1veis exclusivamente na fonte, como o 13\u00ba sal\u00e1rio; imposto de renda retido na fonte, se houver; eventuais rendimentos isentos, como venda das f\u00e9rias e descontos; e despesas com plano de sa\u00fade ou odontol\u00f3gico coletivo, se houver.<\/p>\n\n\n\n<p>A declara\u00e7\u00e3o do IRPF \u00e9 obrigat\u00f3ria para quem recebeu rendimentos tribut\u00e1veis acima de dois sal\u00e1rios m\u00ednimos. A&nbsp;<a href=\"https:\/\/agenciabrasil.ebc.com.br\/economia\/noticia\/2024-02\/entenda-nova-tabela-progressiva-do-imposto-de-renda\" target=\"_blank\" rel=\"noreferrer noopener\">nova tabela foi publicada em uma medida provis\u00f3ria no dia 6<\/a>, e alterou a primeira faixa da tabela progressiva mensal, com eleva\u00e7\u00e3o do limite de aplica\u00e7\u00e3o da al\u00edquota zero, que passou de R$ 2.112 para R$ 2.259,20.<\/p>\n\n\n\n<p>O contribuinte com rendimentos de at\u00e9 R$ 2.824 mensais ser\u00e1 beneficiado com a isen\u00e7\u00e3o porque, em raz\u00e3o do desconto simplificado de R$ 564,80, que resulta em uma base c\u00e1lculo mensal de R$ 2.259,20, o mesmo limite m\u00e1ximo da faixa de al\u00edquota zero da nova tabela.<\/p>\n\n\n\n<p>A Receita orienta o contribuinte a guardar os informes de rendimentos por, no m\u00ednimo, 5 anos, contados a partir de 1\u00ba de janeiro do ano seguinte ao do processamento da declara\u00e7\u00e3o. A regra tamb\u00e9m vale para os demais documentos que servem para comprovar as informa\u00e7\u00f5es prestadas na declara\u00e7\u00e3o.<\/p>\n","protected":false},"excerpt":{"rendered":"<p>\u00a9 Jo\u00e9dson Jr l Ag\u00eancia Brasil<\/p>\n","protected":false},"author":1,"featured_media":82,"comment_status":"open","ping_status":"open","sticky":false,"template":"","format":"standard","meta":{"footnotes":""},"categories":[21,19],"tags":[22,20],"class_list":["post-81","post","type-post","status-publish","format-standard","has-post-thumbnail","hentry","category-imposto-de-renda","category-receita-federal","tag-dipf","tag-tabela-do-imposto-de-renda"],"_links":{"self":[{"href":"https:\/\/www.informacaocontabil.com.br\/blog\/wp-json\/wp\/v2\/posts\/81","targetHints":{"allow":["GET"]}}],"collection":[{"href":"https:\/\/www.informacaocontabil.com.br\/blog\/wp-json\/wp\/v2\/posts"}],"about":[{"href":"https:\/\/www.informacaocontabil.com.br\/blog\/wp-json\/wp\/v2\/types\/post"}],"author":[{"embeddable":true,"href":"https:\/\/www.informacaocontabil.com.br\/blog\/wp-json\/wp\/v2\/users\/1"}],"replies":[{"embeddable":true,"href":"https:\/\/www.informacaocontabil.com.br\/blog\/wp-json\/wp\/v2\/comments?post=81"}],"version-history":[{"count":1,"href":"https:\/\/www.informacaocontabil.com.br\/blog\/wp-json\/wp\/v2\/posts\/81\/revisions"}],"predecessor-version":[{"id":83,"href":"https:\/\/www.informacaocontabil.com.br\/blog\/wp-json\/wp\/v2\/posts\/81\/revisions\/83"}],"wp:featuredmedia":[{"embeddable":true,"href":"https:\/\/www.informacaocontabil.com.br\/blog\/wp-json\/wp\/v2\/media\/82"}],"wp:attachment":[{"href":"https:\/\/www.informacaocontabil.com.br\/blog\/wp-json\/wp\/v2\/media?parent=81"}],"wp:term":[{"taxonomy":"category","embeddable":true,"href":"https:\/\/www.informacaocontabil.com.br\/blog\/wp-json\/wp\/v2\/categories?post=81"},{"taxonomy":"post_tag","embeddable":true,"href":"https:\/\/www.informacaocontabil.com.br\/blog\/wp-json\/wp\/v2\/tags?post=81"}],"curies":[{"name":"wp","href":"https:\/\/api.w.org\/{rel}","templated":true}]}}